{"id":6523,"date":"2020-04-06T23:38:40","date_gmt":"2020-04-07T04:38:40","guid":{"rendered":"https:\/\/lewinywills.com\/?p=6523"},"modified":"2020-09-23T23:46:13","modified_gmt":"2020-09-24T04:46:13","slug":"medidas-fiscales-y-comerciales-recientemente-adoptadas-en-el-marco-del-estado-de-emergencia-economica-social-y-ecologica-2","status":"publish","type":"post","link":"https:\/\/lewinywills.com\/en\/medidas-fiscales-y-comerciales-recientemente-adoptadas-en-el-marco-del-estado-de-emergencia-economica-social-y-ecologica-2\/","title":{"rendered":"Medidas fiscales y comerciales recientemente adoptadas en el Marco del Estado de Emergencia Econ\u00f3mica, Social y Ecol\u00f3gica"},"content":{"rendered":"<p>En respuesta a la propagaci\u00f3n del COVID 19 en Colombia, el Gobierno Nacional declar\u00f3 el Estado de Emergencia Econ\u00f3mica que le da al Ejecutivo facultades constitucionales para adoptar medidas extraordinarias para mitigar el impacto de la Pandemia.<\/p>\n\n\n\n<p>En esta r\u00e1pida gu\u00eda usted puede consultar algunas de las medidas que el Gobierno Colombiano ha adoptado durante las \u00faltimas semanas.<\/p>\n\n\n\n<p class=\"has-text-align-center\"><a href=\"https:\/\/lewinywills.com\/wp-content\/uploads\/2020\/09\/LEWINWILLSboletincovid19-abril-def.pdf\" target=\"_blank\" rel=\"noreferrer noopener\">Ver documento .pdf (Medidas fiscales y comerciales recientemente adoptadas en el Marco del Estado de Emergencia Econ\u00f3mica, Social y Ecol\u00f3gica)<\/a><\/p>","protected":false},"excerpt":{"rendered":"<p>En respuesta a la propagaci\u00f3n del COVID 19 en Colombia, el Gobierno Nacional declar\u00f3 el Estado de Emergencia Econ\u00f3mica que le da al Ejecutivo facultades constitucionales para adoptar medidas extraordinarias para mitigar el impacto de la Pandemia. En esta r\u00e1pida gu\u00eda usted puede consultar algunas de las medidas que el Gobierno Colombiano ha adoptado durante [&hellip;]<\/p>\n","protected":false},"author":1,"featured_media":6525,"comment_status":"closed","ping_status":"open","sticky":false,"template":"","format":"standard","meta":{"episode_type":"","audio_file":"","cover_image":"","cover_image_id":"","duration":"","filesize":"","filesize_raw":"","date_recorded":"","explicit":"","block":"","itunes_episode_number":"","itunes_title":"","itunes_season_number":"","itunes_episode_type":"","footnotes":""},"categories":[84],"tags":[],"class_list":["post-6523","post","type-post","status-publish","format-standard","has-post-thumbnail","hentry","category-derecho-corporativo"],"yoast_head":"<!-- This site is optimized with the Yoast SEO plugin v27.0 - https:\/\/yoast.com\/product\/yoast-seo-wordpress\/ -->\n<title>Medidas fiscales y comerciales recientemente adoptadas en el Marco del Estado de Emergencia Econ\u00f3mica, Social y Ecol\u00f3gica - Lewin &amp; Wills<\/title>\n<meta name=\"robots\" content=\"index, follow, max-snippet:-1, max-image-preview:large, max-video-preview:-1\" \/>\n<link rel=\"canonical\" href=\"https:\/\/lewinywills.com\/en\/medidas-fiscales-y-comerciales-recientemente-adoptadas-en-el-marco-del-estado-de-emergencia-economica-social-y-ecologica-2\/\" \/>\n<meta property=\"og:locale\" content=\"en_US\" \/>\n<meta property=\"og:type\" content=\"article\" \/>\n<meta property=\"og:title\" content=\"Medidas fiscales y comerciales recientemente adoptadas en el Marco del Estado de Emergencia Econ\u00f3mica, Social y Ecol\u00f3gica - Lewin &amp; Wills\" \/>\n<meta property=\"og:description\" content=\"En respuesta a la propagaci\u00f3n del COVID 19 en Colombia, el Gobierno Nacional declar\u00f3 el Estado de Emergencia Econ\u00f3mica que le da al Ejecutivo facultades constitucionales para adoptar medidas extraordinarias para mitigar el impacto de la Pandemia. En esta r\u00e1pida gu\u00eda usted puede consultar algunas de las medidas que el Gobierno Colombiano ha adoptado durante [&hellip;]\" \/>\n<meta property=\"og:url\" content=\"https:\/\/lewinywills.com\/en\/medidas-fiscales-y-comerciales-recientemente-adoptadas-en-el-marco-del-estado-de-emergencia-economica-social-y-ecologica-2\/\" \/>\n<meta property=\"og:site_name\" content=\"Lewin &amp; Wills\" \/>\n<meta property=\"article:published_time\" content=\"2020-04-07T04:38:40+00:00\" \/>\n<meta property=\"article:modified_time\" content=\"2020-09-24T04:46:13+00:00\" \/>\n<meta property=\"og:image\" content=\"http:\/\/lewinywills.com\/wp-content\/uploads\/2020\/09\/Foto-1.jpg\" \/>\n\t<meta property=\"og:image:width\" content=\"700\" \/>\n\t<meta property=\"og:image:height\" content=\"450\" \/>\n\t<meta property=\"og:image:type\" content=\"image\/jpeg\" \/>\n<meta name=\"author\" content=\"Lewin &amp; Wills\" \/>\n<meta name=\"twitter:card\" content=\"summary_large_image\" \/>\n<meta name=\"twitter:creator\" content=\"@LewinWills\" \/>\n<meta name=\"twitter:site\" content=\"@LewinWills\" \/>\n<meta name=\"twitter:label1\" content=\"Written by\" \/>\n\t<meta name=\"twitter:data1\" content=\"Lewin &amp; Wills\" \/>\n<script type=\"application\/ld+json\" class=\"yoast-schema-graph\">{\"@context\":\"https:\/\/schema.org\",\"@graph\":[{\"@type\":\"Article\",\"@id\":\"https:\/\/lewinywills.com\/medidas-fiscales-y-comerciales-recientemente-adoptadas-en-el-marco-del-estado-de-emergencia-economica-social-y-ecologica-2\/#article\",\"isPartOf\":{\"@id\":\"https:\/\/lewinywills.com\/medidas-fiscales-y-comerciales-recientemente-adoptadas-en-el-marco-del-estado-de-emergencia-economica-social-y-ecologica-2\/\"},\"author\":{\"name\":\"Lewin &amp; Wills\",\"@id\":\"https:\/\/lewinywills.com\/#\/schema\/person\/ac4fd220cdf73b745515b4ea2bebed80\"},\"headline\":\"Medidas fiscales y comerciales recientemente adoptadas en el Marco del Estado de Emergencia Econ\u00f3mica, Social y Ecol\u00f3gica\",\"datePublished\":\"2020-04-07T04:38:40+00:00\",\"dateModified\":\"2020-09-24T04:46:13+00:00\",\"mainEntityOfPage\":{\"@id\":\"https:\/\/lewinywills.com\/medidas-fiscales-y-comerciales-recientemente-adoptadas-en-el-marco-del-estado-de-emergencia-economica-social-y-ecologica-2\/\"},\"wordCount\":102,\"image\":{\"@id\":\"https:\/\/lewinywills.com\/medidas-fiscales-y-comerciales-recientemente-adoptadas-en-el-marco-del-estado-de-emergencia-economica-social-y-ecologica-2\/#primaryimage\"},\"thumbnailUrl\":\"https:\/\/lewinywills.com\/wp-content\/uploads\/2020\/09\/Foto-1.jpg\",\"articleSection\":[\"Derecho Corporativo\"],\"inLanguage\":\"en-US\"},{\"@type\":\"WebPage\",\"@id\":\"https:\/\/lewinywills.com\/medidas-fiscales-y-comerciales-recientemente-adoptadas-en-el-marco-del-estado-de-emergencia-economica-social-y-ecologica-2\/\",\"url\":\"https:\/\/lewinywills.com\/medidas-fiscales-y-comerciales-recientemente-adoptadas-en-el-marco-del-estado-de-emergencia-economica-social-y-ecologica-2\/\",\"name\":\"Medidas fiscales y comerciales recientemente adoptadas en el Marco del Estado de Emergencia Econ\u00f3mica, Social y Ecol\u00f3gica - Lewin &amp; Wills\",\"isPartOf\":{\"@id\":\"https:\/\/lewinywills.com\/#website\"},\"primaryImageOfPage\":{\"@id\":\"https:\/\/lewinywills.com\/medidas-fiscales-y-comerciales-recientemente-adoptadas-en-el-marco-del-estado-de-emergencia-economica-social-y-ecologica-2\/#primaryimage\"},\"image\":{\"@id\":\"https:\/\/lewinywills.com\/medidas-fiscales-y-comerciales-recientemente-adoptadas-en-el-marco-del-estado-de-emergencia-economica-social-y-ecologica-2\/#primaryimage\"},\"thumbnailUrl\":\"https:\/\/lewinywills.com\/wp-content\/uploads\/2020\/09\/Foto-1.jpg\",\"datePublished\":\"2020-04-07T04:38:40+00:00\",\"dateModified\":\"2020-09-24T04:46:13+00:00\",\"author\":{\"@id\":\"https:\/\/lewinywills.com\/#\/schema\/person\/ac4fd220cdf73b745515b4ea2bebed80\"},\"breadcrumb\":{\"@id\":\"https:\/\/lewinywills.com\/medidas-fiscales-y-comerciales-recientemente-adoptadas-en-el-marco-del-estado-de-emergencia-economica-social-y-ecologica-2\/#breadcrumb\"},\"inLanguage\":\"en-US\",\"potentialAction\":[{\"@type\":\"ReadAction\",\"target\":[\"https:\/\/lewinywills.com\/medidas-fiscales-y-comerciales-recientemente-adoptadas-en-el-marco-del-estado-de-emergencia-economica-social-y-ecologica-2\/\"]}]},{\"@type\":\"ImageObject\",\"inLanguage\":\"en-US\",\"@id\":\"https:\/\/lewinywills.com\/medidas-fiscales-y-comerciales-recientemente-adoptadas-en-el-marco-del-estado-de-emergencia-economica-social-y-ecologica-2\/#primaryimage\",\"url\":\"https:\/\/lewinywills.com\/wp-content\/uploads\/2020\/09\/Foto-1.jpg\",\"contentUrl\":\"https:\/\/lewinywills.com\/wp-content\/uploads\/2020\/09\/Foto-1.jpg\",\"width\":700,\"height\":450,\"caption\":\"Medidas fiscales y comerciales recientemente adoptadas en el Marco del Estado de Emergencia Econ\u00f3mica, Social y Ecol\u00f3gica\"},{\"@type\":\"BreadcrumbList\",\"@id\":\"https:\/\/lewinywills.com\/medidas-fiscales-y-comerciales-recientemente-adoptadas-en-el-marco-del-estado-de-emergencia-economica-social-y-ecologica-2\/#breadcrumb\",\"itemListElement\":[{\"@type\":\"ListItem\",\"position\":1,\"name\":\"Inicio\",\"item\":\"https:\/\/lewinywills.com\/\"},{\"@type\":\"ListItem\",\"position\":2,\"name\":\"Medidas fiscales y comerciales recientemente adoptadas en el Marco del Estado de Emergencia Econ\u00f3mica, Social y Ecol\u00f3gica\"}]},{\"@type\":\"WebSite\",\"@id\":\"https:\/\/lewinywills.com\/#website\",\"url\":\"https:\/\/lewinywills.com\/\",\"name\":\"Lewin &amp; Wills\",\"description\":\"Firma de abogados | Especialidades | Lewin y Wills\",\"potentialAction\":[{\"@type\":\"SearchAction\",\"target\":{\"@type\":\"EntryPoint\",\"urlTemplate\":\"https:\/\/lewinywills.com\/?s={search_term_string}\"},\"query-input\":{\"@type\":\"PropertyValueSpecification\",\"valueRequired\":true,\"valueName\":\"search_term_string\"}}],\"inLanguage\":\"en-US\"},{\"@type\":\"Person\",\"@id\":\"https:\/\/lewinywills.com\/#\/schema\/person\/ac4fd220cdf73b745515b4ea2bebed80\",\"name\":\"Lewin &amp; Wills\",\"image\":{\"@type\":\"ImageObject\",\"inLanguage\":\"en-US\",\"@id\":\"https:\/\/lewinywills.com\/#\/schema\/person\/image\/\",\"url\":\"https:\/\/lewinywills.com\/wp-content\/uploads\/2020\/09\/favicon.png\",\"contentUrl\":\"https:\/\/lewinywills.com\/wp-content\/uploads\/2020\/09\/favicon.png\",\"caption\":\"Lewin &amp; Wills\"},\"description\":\"www.lewinywills.com\",\"sameAs\":[\"https:\/\/lewinywills.com\"],\"url\":\"https:\/\/lewinywills.com\/en\/author\/4dminl-w\/?mab_v3=6523\"}]}<\/script>\n<!-- \/ Yoast SEO plugin. -->","yoast_head_json":{"title":"Medidas fiscales y comerciales recientemente adoptadas en el Marco del Estado de Emergencia Econ\u00f3mica, Social y Ecol\u00f3gica - Lewin &amp; Wills","robots":{"index":"index","follow":"follow","max-snippet":"max-snippet:-1","max-image-preview":"max-image-preview:large","max-video-preview":"max-video-preview:-1"},"canonical":"https:\/\/lewinywills.com\/en\/medidas-fiscales-y-comerciales-recientemente-adoptadas-en-el-marco-del-estado-de-emergencia-economica-social-y-ecologica-2\/","og_locale":"en_US","og_type":"article","og_title":"Medidas fiscales y comerciales recientemente adoptadas en el Marco del Estado de Emergencia Econ\u00f3mica, Social y Ecol\u00f3gica - Lewin &amp; Wills","og_description":"En respuesta a la propagaci\u00f3n del COVID 19 en Colombia, el Gobierno Nacional declar\u00f3 el Estado de Emergencia Econ\u00f3mica que le da al Ejecutivo facultades constitucionales para adoptar medidas extraordinarias para mitigar el impacto de la Pandemia. En esta r\u00e1pida gu\u00eda usted puede consultar algunas de las medidas que el Gobierno Colombiano ha adoptado durante [&hellip;]","og_url":"https:\/\/lewinywills.com\/en\/medidas-fiscales-y-comerciales-recientemente-adoptadas-en-el-marco-del-estado-de-emergencia-economica-social-y-ecologica-2\/","og_site_name":"Lewin &amp; Wills","article_published_time":"2020-04-07T04:38:40+00:00","article_modified_time":"2020-09-24T04:46:13+00:00","og_image":[{"width":700,"height":450,"url":"http:\/\/lewinywills.com\/wp-content\/uploads\/2020\/09\/Foto-1.jpg","type":"image\/jpeg"}],"author":"Lewin &amp; Wills","twitter_card":"summary_large_image","twitter_creator":"@LewinWills","twitter_site":"@LewinWills","twitter_misc":{"Written by":"Lewin &amp; Wills"},"schema":{"@context":"https:\/\/schema.org","@graph":[{"@type":"Article","@id":"https:\/\/lewinywills.com\/medidas-fiscales-y-comerciales-recientemente-adoptadas-en-el-marco-del-estado-de-emergencia-economica-social-y-ecologica-2\/#article","isPartOf":{"@id":"https:\/\/lewinywills.com\/medidas-fiscales-y-comerciales-recientemente-adoptadas-en-el-marco-del-estado-de-emergencia-economica-social-y-ecologica-2\/"},"author":{"name":"Lewin &amp; Wills","@id":"https:\/\/lewinywills.com\/#\/schema\/person\/ac4fd220cdf73b745515b4ea2bebed80"},"headline":"Medidas fiscales y comerciales recientemente adoptadas en el Marco del Estado de Emergencia Econ\u00f3mica, Social y Ecol\u00f3gica","datePublished":"2020-04-07T04:38:40+00:00","dateModified":"2020-09-24T04:46:13+00:00","mainEntityOfPage":{"@id":"https:\/\/lewinywills.com\/medidas-fiscales-y-comerciales-recientemente-adoptadas-en-el-marco-del-estado-de-emergencia-economica-social-y-ecologica-2\/"},"wordCount":102,"image":{"@id":"https:\/\/lewinywills.com\/medidas-fiscales-y-comerciales-recientemente-adoptadas-en-el-marco-del-estado-de-emergencia-economica-social-y-ecologica-2\/#primaryimage"},"thumbnailUrl":"https:\/\/lewinywills.com\/wp-content\/uploads\/2020\/09\/Foto-1.jpg","articleSection":["Derecho Corporativo"],"inLanguage":"en-US"},{"@type":"WebPage","@id":"https:\/\/lewinywills.com\/medidas-fiscales-y-comerciales-recientemente-adoptadas-en-el-marco-del-estado-de-emergencia-economica-social-y-ecologica-2\/","url":"https:\/\/lewinywills.com\/medidas-fiscales-y-comerciales-recientemente-adoptadas-en-el-marco-del-estado-de-emergencia-economica-social-y-ecologica-2\/","name":"Medidas fiscales y comerciales recientemente adoptadas en el Marco del Estado de Emergencia Econ\u00f3mica, Social y Ecol\u00f3gica - Lewin &amp; Wills","isPartOf":{"@id":"https:\/\/lewinywills.com\/#website"},"primaryImageOfPage":{"@id":"https:\/\/lewinywills.com\/medidas-fiscales-y-comerciales-recientemente-adoptadas-en-el-marco-del-estado-de-emergencia-economica-social-y-ecologica-2\/#primaryimage"},"image":{"@id":"https:\/\/lewinywills.com\/medidas-fiscales-y-comerciales-recientemente-adoptadas-en-el-marco-del-estado-de-emergencia-economica-social-y-ecologica-2\/#primaryimage"},"thumbnailUrl":"https:\/\/lewinywills.com\/wp-content\/uploads\/2020\/09\/Foto-1.jpg","datePublished":"2020-04-07T04:38:40+00:00","dateModified":"2020-09-24T04:46:13+00:00","author":{"@id":"https:\/\/lewinywills.com\/#\/schema\/person\/ac4fd220cdf73b745515b4ea2bebed80"},"breadcrumb":{"@id":"https:\/\/lewinywills.com\/medidas-fiscales-y-comerciales-recientemente-adoptadas-en-el-marco-del-estado-de-emergencia-economica-social-y-ecologica-2\/#breadcrumb"},"inLanguage":"en-US","potentialAction":[{"@type":"ReadAction","target":["https:\/\/lewinywills.com\/medidas-fiscales-y-comerciales-recientemente-adoptadas-en-el-marco-del-estado-de-emergencia-economica-social-y-ecologica-2\/"]}]},{"@type":"ImageObject","inLanguage":"en-US","@id":"https:\/\/lewinywills.com\/medidas-fiscales-y-comerciales-recientemente-adoptadas-en-el-marco-del-estado-de-emergencia-economica-social-y-ecologica-2\/#primaryimage","url":"https:\/\/lewinywills.com\/wp-content\/uploads\/2020\/09\/Foto-1.jpg","contentUrl":"https:\/\/lewinywills.com\/wp-content\/uploads\/2020\/09\/Foto-1.jpg","width":700,"height":450,"caption":"Medidas fiscales y comerciales recientemente adoptadas en el Marco del Estado de Emergencia Econ\u00f3mica, Social y Ecol\u00f3gica"},{"@type":"BreadcrumbList","@id":"https:\/\/lewinywills.com\/medidas-fiscales-y-comerciales-recientemente-adoptadas-en-el-marco-del-estado-de-emergencia-economica-social-y-ecologica-2\/#breadcrumb","itemListElement":[{"@type":"ListItem","position":1,"name":"Inicio","item":"https:\/\/lewinywills.com\/"},{"@type":"ListItem","position":2,"name":"Medidas fiscales y comerciales recientemente adoptadas en el Marco del Estado de Emergencia Econ\u00f3mica, Social y Ecol\u00f3gica"}]},{"@type":"WebSite","@id":"https:\/\/lewinywills.com\/#website","url":"https:\/\/lewinywills.com\/","name":"Lewin &amp; Wills","description":"Firma de abogados | Especialidades | Lewin y Wills","potentialAction":[{"@type":"SearchAction","target":{"@type":"EntryPoint","urlTemplate":"https:\/\/lewinywills.com\/?s={search_term_string}"},"query-input":{"@type":"PropertyValueSpecification","valueRequired":true,"valueName":"search_term_string"}}],"inLanguage":"en-US"},{"@type":"Person","@id":"https:\/\/lewinywills.com\/#\/schema\/person\/ac4fd220cdf73b745515b4ea2bebed80","name":"Lewin &amp; Wills","image":{"@type":"ImageObject","inLanguage":"en-US","@id":"https:\/\/lewinywills.com\/#\/schema\/person\/image\/","url":"https:\/\/lewinywills.com\/wp-content\/uploads\/2020\/09\/favicon.png","contentUrl":"https:\/\/lewinywills.com\/wp-content\/uploads\/2020\/09\/favicon.png","caption":"Lewin &amp; Wills"},"description":"www.lewinywills.com","sameAs":["https:\/\/lewinywills.com"],"url":"https:\/\/lewinywills.com\/en\/author\/4dminl-w\/?mab_v3=6523"}]}},"_links":{"self":[{"href":"https:\/\/lewinywills.com\/en\/wp-json\/wp\/v2\/posts\/6523","targetHints":{"allow":["GET"]}}],"collection":[{"href":"https:\/\/lewinywills.com\/en\/wp-json\/wp\/v2\/posts"}],"about":[{"href":"https:\/\/lewinywills.com\/en\/wp-json\/wp\/v2\/types\/post"}],"author":[{"embeddable":true,"href":"https:\/\/lewinywills.com\/en\/wp-json\/wp\/v2\/users\/1"}],"replies":[{"embeddable":true,"href":"https:\/\/lewinywills.com\/en\/wp-json\/wp\/v2\/comments?post=6523"}],"version-history":[{"count":1,"href":"https:\/\/lewinywills.com\/en\/wp-json\/wp\/v2\/posts\/6523\/revisions"}],"predecessor-version":[{"id":6526,"href":"https:\/\/lewinywills.com\/en\/wp-json\/wp\/v2\/posts\/6523\/revisions\/6526"}],"wp:featuredmedia":[{"embeddable":true,"href":"https:\/\/lewinywills.com\/en\/wp-json\/wp\/v2\/media\/6525"}],"wp:attachment":[{"href":"https:\/\/lewinywills.com\/en\/wp-json\/wp\/v2\/media?parent=6523"}],"wp:term":[{"taxonomy":"category","embeddable":true,"href":"https:\/\/lewinywills.com\/en\/wp-json\/wp\/v2\/categories?post=6523"},{"taxonomy":"post_tag","embeddable":true,"href":"https:\/\/lewinywills.com\/en\/wp-json\/wp\/v2\/tags?post=6523"}],"curies":[{"name":"wp","href":"https:\/\/api.w.org\/{rel}","templated":true}]}}