{"id":11176,"date":"2025-09-04T07:41:43","date_gmt":"2025-09-04T12:41:43","guid":{"rendered":"https:\/\/lewinywills.com\/?p=11176"},"modified":"2025-09-04T07:41:43","modified_gmt":"2025-09-04T12:41:43","slug":"proyecto-reforma-tributaria-2025","status":"publish","type":"post","link":"https:\/\/lewinywills.com\/en\/proyecto-reforma-tributaria-2025\/","title":{"rendered":"Proyecto Reforma Tributaria 2025"},"content":{"rendered":"Considering the recent tax reform proposal submitted by the National Government to Congress, we believe it is essential to share with you the most relevant aspects that could impact companies and individuals.\n\nIn the attached document, you will find a detailed analysis of the main proposed modifications, with a focus on the fiscal implications these measures may have across various productive sectors, as well as the significant changes that could affect businesses, families, and individuals.\n\nWe remain at your disposal to address any questions or further discuss points of interest, as well as to provide personalized advice regarding this reform.\r\n\r\n\r\n<div class=\"wp-block-buttons is-content-justification-center is-layout-flex wp-container-core-buttons-is-layout-16018d1d wp-block-buttons-is-layout-flex\">\r\n<div class=\"wp-block-button is-style-fill\"><a class=\"wp-block-button__link has-background wp-element-button\" style=\"border-radius: 50px; background-color: #6d1927;\" href=\"https:\/\/lewinywills.com\/wp-content\/uploads\/2025\/09\/Proyecto-Reforma-Tributaria-2025.pdf\" target=\"_blank\" rel=\"noreferrer noopener\">Read more<\/a><\/div>\r\n<\/div>","protected":false},"excerpt":{"rendered":"<p>Teniendo en cuenta la reciente propuesta de reforma tributaria radicada por el Gobierno Nacional ante el Congreso, consideramos fundamental compartir con ustedes los aspectos m\u00e1s relevantes que podr\u00edan impactar a las empresas y personas naturales. En el documento adjunto, encontrar\u00e1n un an\u00e1lisis detallado de las principales modificaciones propuestas, enfoc\u00e1ndonos en las implicaciones fiscales que estas [&hellip;]<\/p>\n","protected":false},"author":1,"featured_media":11178,"comment_status":"closed","ping_status":"open","sticky":false,"template":"","format":"standard","meta":{"episode_type":"","audio_file":"","cover_image":"","cover_image_id":"","duration":"","filesize":"","filesize_raw":"","date_recorded":"","explicit":"","block":"","itunes_episode_number":"","itunes_title":"","itunes_season_number":"","itunes_episode_type":"","footnotes":""},"categories":[95],"tags":[],"class_list":["post-11176","post","type-post","status-publish","format-standard","has-post-thumbnail","hentry","category-sin-categoria-es"],"yoast_head":"<!-- This site is optimized with the Yoast SEO plugin v27.0 - https:\/\/yoast.com\/product\/yoast-seo-wordpress\/ -->\n<title>Proyecto Reforma Tributaria 2025 - Lewin &amp; Wills<\/title>\n<meta name=\"robots\" content=\"index, follow, max-snippet:-1, max-image-preview:large, max-video-preview:-1\" \/>\n<link rel=\"canonical\" href=\"https:\/\/lewinywills.com\/en\/proyecto-reforma-tributaria-2025\/\" \/>\n<meta property=\"og:locale\" content=\"en_US\" \/>\n<meta property=\"og:type\" content=\"article\" \/>\n<meta property=\"og:title\" content=\"Proyecto Reforma Tributaria 2025 - Lewin &amp; Wills\" \/>\n<meta property=\"og:description\" content=\"Teniendo en cuenta la reciente propuesta de reforma tributaria radicada por el Gobierno Nacional ante el Congreso, consideramos fundamental compartir con ustedes los aspectos m\u00e1s relevantes que podr\u00edan impactar a las empresas y personas naturales. En el documento adjunto, encontrar\u00e1n un an\u00e1lisis detallado de las principales modificaciones propuestas, enfoc\u00e1ndonos en las implicaciones fiscales que estas [&hellip;]\" \/>\n<meta property=\"og:url\" content=\"https:\/\/lewinywills.com\/en\/proyecto-reforma-tributaria-2025\/\" \/>\n<meta property=\"og:site_name\" content=\"Lewin &amp; Wills\" \/>\n<meta property=\"article:published_time\" content=\"2025-09-04T12:41:43+00:00\" \/>\n<meta property=\"og:image\" content=\"https:\/\/lewinywills.com\/wp-content\/uploads\/2025\/09\/WhatsApp-Image-2025-09-04-at-6.32.31-AM.jpeg\" \/>\n\t<meta property=\"og:image:width\" content=\"1280\" \/>\n\t<meta property=\"og:image:height\" content=\"720\" \/>\n\t<meta property=\"og:image:type\" content=\"image\/jpeg\" \/>\n<meta name=\"author\" content=\"Lewin &amp; Wills\" \/>\n<meta name=\"twitter:card\" content=\"summary_large_image\" \/>\n<meta name=\"twitter:creator\" content=\"@LewinWills\" \/>\n<meta name=\"twitter:site\" content=\"@LewinWills\" \/>\n<meta name=\"twitter:label1\" content=\"Written by\" \/>\n\t<meta name=\"twitter:data1\" content=\"Lewin &amp; Wills\" \/>\n\t<meta name=\"twitter:label2\" content=\"Est. reading time\" \/>\n\t<meta name=\"twitter:data2\" content=\"1 minute\" \/>\n<script type=\"application\/ld+json\" class=\"yoast-schema-graph\">{\"@context\":\"https:\/\/schema.org\",\"@graph\":[{\"@type\":\"Article\",\"@id\":\"https:\/\/lewinywills.com\/proyecto-reforma-tributaria-2025\/#article\",\"isPartOf\":{\"@id\":\"https:\/\/lewinywills.com\/proyecto-reforma-tributaria-2025\/\"},\"author\":{\"name\":\"Lewin &amp; Wills\",\"@id\":\"https:\/\/lewinywills.com\/#\/schema\/person\/ac4fd220cdf73b745515b4ea2bebed80\"},\"headline\":\"Proyecto Reforma Tributaria 2025\",\"datePublished\":\"2025-09-04T12:41:43+00:00\",\"mainEntityOfPage\":{\"@id\":\"https:\/\/lewinywills.com\/proyecto-reforma-tributaria-2025\/\"},\"wordCount\":127,\"image\":{\"@id\":\"https:\/\/lewinywills.com\/proyecto-reforma-tributaria-2025\/#primaryimage\"},\"thumbnailUrl\":\"https:\/\/lewinywills.com\/wp-content\/uploads\/2025\/09\/WhatsApp-Image-2025-09-04-at-6.32.31-AM.jpeg\",\"articleSection\":[\"Sin categor\u00eda\"],\"inLanguage\":\"en-US\"},{\"@type\":\"WebPage\",\"@id\":\"https:\/\/lewinywills.com\/proyecto-reforma-tributaria-2025\/\",\"url\":\"https:\/\/lewinywills.com\/proyecto-reforma-tributaria-2025\/\",\"name\":\"Proyecto Reforma Tributaria 2025 - Lewin &amp; Wills\",\"isPartOf\":{\"@id\":\"https:\/\/lewinywills.com\/#website\"},\"primaryImageOfPage\":{\"@id\":\"https:\/\/lewinywills.com\/proyecto-reforma-tributaria-2025\/#primaryimage\"},\"image\":{\"@id\":\"https:\/\/lewinywills.com\/proyecto-reforma-tributaria-2025\/#primaryimage\"},\"thumbnailUrl\":\"https:\/\/lewinywills.com\/wp-content\/uploads\/2025\/09\/WhatsApp-Image-2025-09-04-at-6.32.31-AM.jpeg\",\"datePublished\":\"2025-09-04T12:41:43+00:00\",\"author\":{\"@id\":\"https:\/\/lewinywills.com\/#\/schema\/person\/ac4fd220cdf73b745515b4ea2bebed80\"},\"breadcrumb\":{\"@id\":\"https:\/\/lewinywills.com\/proyecto-reforma-tributaria-2025\/#breadcrumb\"},\"inLanguage\":\"en-US\",\"potentialAction\":[{\"@type\":\"ReadAction\",\"target\":[\"https:\/\/lewinywills.com\/proyecto-reforma-tributaria-2025\/\"]}]},{\"@type\":\"ImageObject\",\"inLanguage\":\"en-US\",\"@id\":\"https:\/\/lewinywills.com\/proyecto-reforma-tributaria-2025\/#primaryimage\",\"url\":\"https:\/\/lewinywills.com\/wp-content\/uploads\/2025\/09\/WhatsApp-Image-2025-09-04-at-6.32.31-AM.jpeg\",\"contentUrl\":\"https:\/\/lewinywills.com\/wp-content\/uploads\/2025\/09\/WhatsApp-Image-2025-09-04-at-6.32.31-AM.jpeg\",\"width\":1280,\"height\":720},{\"@type\":\"BreadcrumbList\",\"@id\":\"https:\/\/lewinywills.com\/proyecto-reforma-tributaria-2025\/#breadcrumb\",\"itemListElement\":[{\"@type\":\"ListItem\",\"position\":1,\"name\":\"Inicio\",\"item\":\"https:\/\/lewinywills.com\/\"},{\"@type\":\"ListItem\",\"position\":2,\"name\":\"Proyecto Reforma Tributaria 2025\"}]},{\"@type\":\"WebSite\",\"@id\":\"https:\/\/lewinywills.com\/#website\",\"url\":\"https:\/\/lewinywills.com\/\",\"name\":\"Lewin &amp; Wills\",\"description\":\"Firma de abogados | Especialidades | Lewin y Wills\",\"potentialAction\":[{\"@type\":\"SearchAction\",\"target\":{\"@type\":\"EntryPoint\",\"urlTemplate\":\"https:\/\/lewinywills.com\/?s={search_term_string}\"},\"query-input\":{\"@type\":\"PropertyValueSpecification\",\"valueRequired\":true,\"valueName\":\"search_term_string\"}}],\"inLanguage\":\"en-US\"},{\"@type\":\"Person\",\"@id\":\"https:\/\/lewinywills.com\/#\/schema\/person\/ac4fd220cdf73b745515b4ea2bebed80\",\"name\":\"Lewin &amp; Wills\",\"image\":{\"@type\":\"ImageObject\",\"inLanguage\":\"en-US\",\"@id\":\"https:\/\/lewinywills.com\/#\/schema\/person\/image\/\",\"url\":\"https:\/\/lewinywills.com\/wp-content\/uploads\/2020\/09\/favicon.png\",\"contentUrl\":\"https:\/\/lewinywills.com\/wp-content\/uploads\/2020\/09\/favicon.png\",\"caption\":\"Lewin &amp; Wills\"},\"description\":\"www.lewinywills.com\",\"sameAs\":[\"https:\/\/lewinywills.com\"],\"url\":\"https:\/\/lewinywills.com\/en\/author\/4dminl-w\/\"}]}<\/script>\n<!-- \/ Yoast SEO plugin. -->","yoast_head_json":{"title":"Proyecto Reforma Tributaria 2025 - Lewin &amp; Wills","robots":{"index":"index","follow":"follow","max-snippet":"max-snippet:-1","max-image-preview":"max-image-preview:large","max-video-preview":"max-video-preview:-1"},"canonical":"https:\/\/lewinywills.com\/en\/proyecto-reforma-tributaria-2025\/","og_locale":"en_US","og_type":"article","og_title":"Proyecto Reforma Tributaria 2025 - Lewin &amp; Wills","og_description":"Teniendo en cuenta la reciente propuesta de reforma tributaria radicada por el Gobierno Nacional ante el Congreso, consideramos fundamental compartir con ustedes los aspectos m\u00e1s relevantes que podr\u00edan impactar a las empresas y personas naturales. En el documento adjunto, encontrar\u00e1n un an\u00e1lisis detallado de las principales modificaciones propuestas, enfoc\u00e1ndonos en las implicaciones fiscales que estas [&hellip;]","og_url":"https:\/\/lewinywills.com\/en\/proyecto-reforma-tributaria-2025\/","og_site_name":"Lewin &amp; Wills","article_published_time":"2025-09-04T12:41:43+00:00","og_image":[{"width":1280,"height":720,"url":"https:\/\/lewinywills.com\/wp-content\/uploads\/2025\/09\/WhatsApp-Image-2025-09-04-at-6.32.31-AM.jpeg","type":"image\/jpeg"}],"author":"Lewin &amp; Wills","twitter_card":"summary_large_image","twitter_creator":"@LewinWills","twitter_site":"@LewinWills","twitter_misc":{"Written by":"Lewin &amp; Wills","Est. reading time":"1 minute"},"schema":{"@context":"https:\/\/schema.org","@graph":[{"@type":"Article","@id":"https:\/\/lewinywills.com\/proyecto-reforma-tributaria-2025\/#article","isPartOf":{"@id":"https:\/\/lewinywills.com\/proyecto-reforma-tributaria-2025\/"},"author":{"name":"Lewin &amp; Wills","@id":"https:\/\/lewinywills.com\/#\/schema\/person\/ac4fd220cdf73b745515b4ea2bebed80"},"headline":"Proyecto Reforma Tributaria 2025","datePublished":"2025-09-04T12:41:43+00:00","mainEntityOfPage":{"@id":"https:\/\/lewinywills.com\/proyecto-reforma-tributaria-2025\/"},"wordCount":127,"image":{"@id":"https:\/\/lewinywills.com\/proyecto-reforma-tributaria-2025\/#primaryimage"},"thumbnailUrl":"https:\/\/lewinywills.com\/wp-content\/uploads\/2025\/09\/WhatsApp-Image-2025-09-04-at-6.32.31-AM.jpeg","articleSection":["Sin categor\u00eda"],"inLanguage":"en-US"},{"@type":"WebPage","@id":"https:\/\/lewinywills.com\/proyecto-reforma-tributaria-2025\/","url":"https:\/\/lewinywills.com\/proyecto-reforma-tributaria-2025\/","name":"Proyecto Reforma Tributaria 2025 - Lewin &amp; Wills","isPartOf":{"@id":"https:\/\/lewinywills.com\/#website"},"primaryImageOfPage":{"@id":"https:\/\/lewinywills.com\/proyecto-reforma-tributaria-2025\/#primaryimage"},"image":{"@id":"https:\/\/lewinywills.com\/proyecto-reforma-tributaria-2025\/#primaryimage"},"thumbnailUrl":"https:\/\/lewinywills.com\/wp-content\/uploads\/2025\/09\/WhatsApp-Image-2025-09-04-at-6.32.31-AM.jpeg","datePublished":"2025-09-04T12:41:43+00:00","author":{"@id":"https:\/\/lewinywills.com\/#\/schema\/person\/ac4fd220cdf73b745515b4ea2bebed80"},"breadcrumb":{"@id":"https:\/\/lewinywills.com\/proyecto-reforma-tributaria-2025\/#breadcrumb"},"inLanguage":"en-US","potentialAction":[{"@type":"ReadAction","target":["https:\/\/lewinywills.com\/proyecto-reforma-tributaria-2025\/"]}]},{"@type":"ImageObject","inLanguage":"en-US","@id":"https:\/\/lewinywills.com\/proyecto-reforma-tributaria-2025\/#primaryimage","url":"https:\/\/lewinywills.com\/wp-content\/uploads\/2025\/09\/WhatsApp-Image-2025-09-04-at-6.32.31-AM.jpeg","contentUrl":"https:\/\/lewinywills.com\/wp-content\/uploads\/2025\/09\/WhatsApp-Image-2025-09-04-at-6.32.31-AM.jpeg","width":1280,"height":720},{"@type":"BreadcrumbList","@id":"https:\/\/lewinywills.com\/proyecto-reforma-tributaria-2025\/#breadcrumb","itemListElement":[{"@type":"ListItem","position":1,"name":"Inicio","item":"https:\/\/lewinywills.com\/"},{"@type":"ListItem","position":2,"name":"Proyecto Reforma Tributaria 2025"}]},{"@type":"WebSite","@id":"https:\/\/lewinywills.com\/#website","url":"https:\/\/lewinywills.com\/","name":"Lewin &amp; Wills","description":"Firma de abogados | Especialidades | Lewin y Wills","potentialAction":[{"@type":"SearchAction","target":{"@type":"EntryPoint","urlTemplate":"https:\/\/lewinywills.com\/?s={search_term_string}"},"query-input":{"@type":"PropertyValueSpecification","valueRequired":true,"valueName":"search_term_string"}}],"inLanguage":"en-US"},{"@type":"Person","@id":"https:\/\/lewinywills.com\/#\/schema\/person\/ac4fd220cdf73b745515b4ea2bebed80","name":"Lewin &amp; Wills","image":{"@type":"ImageObject","inLanguage":"en-US","@id":"https:\/\/lewinywills.com\/#\/schema\/person\/image\/","url":"https:\/\/lewinywills.com\/wp-content\/uploads\/2020\/09\/favicon.png","contentUrl":"https:\/\/lewinywills.com\/wp-content\/uploads\/2020\/09\/favicon.png","caption":"Lewin &amp; Wills"},"description":"www.lewinywills.com","sameAs":["https:\/\/lewinywills.com"],"url":"https:\/\/lewinywills.com\/en\/author\/4dminl-w\/"}]}},"_links":{"self":[{"href":"https:\/\/lewinywills.com\/en\/wp-json\/wp\/v2\/posts\/11176","targetHints":{"allow":["GET"]}}],"collection":[{"href":"https:\/\/lewinywills.com\/en\/wp-json\/wp\/v2\/posts"}],"about":[{"href":"https:\/\/lewinywills.com\/en\/wp-json\/wp\/v2\/types\/post"}],"author":[{"embeddable":true,"href":"https:\/\/lewinywills.com\/en\/wp-json\/wp\/v2\/users\/1"}],"replies":[{"embeddable":true,"href":"https:\/\/lewinywills.com\/en\/wp-json\/wp\/v2\/comments?post=11176"}],"version-history":[{"count":1,"href":"https:\/\/lewinywills.com\/en\/wp-json\/wp\/v2\/posts\/11176\/revisions"}],"predecessor-version":[{"id":11179,"href":"https:\/\/lewinywills.com\/en\/wp-json\/wp\/v2\/posts\/11176\/revisions\/11179"}],"wp:featuredmedia":[{"embeddable":true,"href":"https:\/\/lewinywills.com\/en\/wp-json\/wp\/v2\/media\/11178"}],"wp:attachment":[{"href":"https:\/\/lewinywills.com\/en\/wp-json\/wp\/v2\/media?parent=11176"}],"wp:term":[{"taxonomy":"category","embeddable":true,"href":"https:\/\/lewinywills.com\/en\/wp-json\/wp\/v2\/categories?post=11176"},{"taxonomy":"post_tag","embeddable":true,"href":"https:\/\/lewinywills.com\/en\/wp-json\/wp\/v2\/tags?post=11176"}],"curies":[{"name":"wp","href":"https:\/\/api.w.org\/{rel}","templated":true}]}}